{"id":726,"date":"2022-11-24T11:00:15","date_gmt":"2022-11-24T11:00:15","guid":{"rendered":"http:\/\/webredox.net\/demo\/wp\/umaya\/home-recording-studio-interior-design-3-copy\/"},"modified":"2022-12-07T11:15:21","modified_gmt":"2022-12-07T11:15:21","slug":"passagers","status":"publish","type":"post","link":"https:\/\/eventline.pt\/en\/2022\/11\/24\/passagers\/","title":{"rendered":"Porto in Miniature"},"content":{"rendered":"<section  class=\"clear text-color-black\" ><div class=\"wpb_column vc_column_container vc_col-sm-12\"><div class=\"vc_column-inner\"><div class=\"wpb_wrapper\"><div class=\"vc_row wpb_row vc_inner vc_row-fluid\"><div class=\"wpb_column vc_column_container vc_col-sm-12\"><div class=\"vc_column-inner\"><div class=\"wpb_wrapper\"><div class=\"column-100-100 anim-overlay js-scrollanim no-padding-top padding-bottom-30\">\n\t\t\t\t<a href=\"https:\/\/eventline.pt\/wp-content\/uploads\/2022\/11\/PTMINI_TEXTO-1.png\" class=\"d-block js-pointer-zoom js-photo-popup\">\n\t\t\t\t<img src=\"https:\/\/eventline.pt\/wp-content\/uploads\/2022\/11\/PTMINI_TEXTO-1.png\" alt=\"PTMINI_TEXTO\">\n\t\t\t\t<\/a>\n\t\t\t\t<\/div><h2 class=\"column-l-r-margin-10s text-color-black js-scrollanim headline-xl padding-bottom-20 no-top-padding text-center\"><span class=\"hidden-box d-block\"><span  class=\"anim-slide tr-delay-01\" >Porto in Miniature<\/span><\/span><\/h2><div  class=\"body-text-s text-color-0 text-left pull-left anim-text-reveal tr-delay- js-scrollanim\" >\u201cPorto in miniatures\u201d, on exhibition at the Ateneu from December 12th, presents 17 of its most emblematic buildings and monuments. Seen through the creative vision and manual meticulousness of a single man, Lic\u00ednio Sousa. Who, after becoming a jeweler and goldsmith throughout his life, chose his final two decades to reflect his dedication to another art and to his land.<\/p>\n<p>Buy your ticket now!<\/div><div class=\"vc_btn3-container vc_btn3-center\" ><a class=\"vc_general vc_btn3 vc_btn3-size-lg vc_btn3-shape-rounded vc_btn3-style-modern vc_btn3-color-danger\" href=\"https:\/\/tickets.eventline.pt\/?srv=portominiatura\" title=\"BUY TICKET\" target=\"_blank\">BUY TICKET<\/a><\/div><\/div><\/div><\/div><\/div><div class=\"vc_row wpb_row vc_inner vc_row-fluid\"><div class=\"wpb_column vc_column_container vc_col-sm-12\"><div class=\"vc_column-inner\"><div class=\"wpb_wrapper\"><h2 class=\"column-l-r-margin-10s text-color-black js-scrollanim headline-l no-bottom-padding no-top-padding text-center\"><span class=\"hidden-box d-block\"><span  class=\"anim-slide tr-delay-01\" >Highlights in the Press<\/span><\/span><\/h2><div  class=\"body-text-s text-color-0 text-left pull-left anim-text-reveal tr-delay- js-scrollanim\" >\n<ul>\n<li><strong>JN \u2013\u00a0<\/strong>Porto em miniatura para ver no Ateneu \u2013 Link: <a href=\"https:\/\/bit.ly\/3VHgKNk\">bit.ly\/3VHgKNk<\/a><\/li>\n<li><strong>Sapo Viagens \u2013\u00a0<\/strong>Porto em miniaturas: exposi\u00e7\u00e3o d\u00e1 a conhecer principais monumentos da Invicta em ponto pequeno \u2013 Link: <a href=\"http:\/\/bit.ly\/3W1XJox\">bit.ly<span class=\"bitlink--hash\">\/3W1XJox<\/span><\/a><\/li>\n<li><strong>Porto Secreto \u2013\u00a0<\/strong>\u201cO Porto em miniaturas\u201d: 17 r\u00e9plicas de monumentos em exposi\u00e7\u00e3o no Ateneu \u2013 Link: <a href=\"http:\/\/bit.ly\/3UxthkU\">bit.ly<span class=\"bitlink--hash\">\/3UxthkU<\/span><\/a><\/li>\n<\/ul>\n<\/div><\/div><\/div><\/div><\/div><\/div><\/div><\/div><section><div class=\"clear\"><\/div>","protected":false},"excerpt":{"rendered":"Porto em Miniatura\u201cO Porto em miniaturas\u201d, em exibi\u00e7\u00e3o no Ateneu a partir de 12 de dezembro, apresenta naquela que \u00e9 uma das...","protected":false},"author":2,"featured_media":1322,"comment_status":"closed","ping_status":"open","sticky":false,"template":"","format":"standard","meta":[],"categories":[45],"tags":[52,51,55],"_links":{"self":[{"href":"https:\/\/eventline.pt\/en\/wp-json\/wp\/v2\/posts\/726"}],"collection":[{"href":"https:\/\/eventline.pt\/en\/wp-json\/wp\/v2\/posts"}],"about":[{"href":"https:\/\/eventline.pt\/en\/wp-json\/wp\/v2\/types\/post"}],"author":[{"embeddable":true,"href":"https:\/\/eventline.pt\/en\/wp-json\/wp\/v2\/users\/2"}],"replies":[{"embeddable":true,"href":"https:\/\/eventline.pt\/en\/wp-json\/wp\/v2\/comments?post=726"}],"version-history":[{"count":0,"href":"https:\/\/eventline.pt\/en\/wp-json\/wp\/v2\/posts\/726\/revisions"}],"wp:featuredmedia":[{"embeddable":true,"href":"https:\/\/eventline.pt\/en\/wp-json\/wp\/v2\/media\/1322"}],"wp:attachment":[{"href":"https:\/\/eventline.pt\/en\/wp-json\/wp\/v2\/media?parent=726"}],"wp:term":[{"taxonomy":"category","embeddable":true,"href":"https:\/\/eventline.pt\/en\/wp-json\/wp\/v2\/categories?post=726"},{"taxonomy":"post_tag","embeddable":true,"href":"https:\/\/eventline.pt\/en\/wp-json\/wp\/v2\/tags?post=726"}],"curies":[{"name":"wp","href":"https:\/\/api.w.org\/{rel}","templated":true}]}}