{"id":1318,"date":"2022-11-24T11:00:15","date_gmt":"2022-11-24T11:00:15","guid":{"rendered":"https:\/\/eventline.pt\/2022\/11\/24\/passagers-2\/"},"modified":"2022-12-07T10:25:04","modified_gmt":"2022-12-07T10:25:04","slug":"passagers-2","status":"publish","type":"post","link":"https:\/\/eventline.pt\/en\/2022\/11\/24\/passagers-2\/","title":{"rendered":"Passagers -7 Doigts de La Main"},"content":{"rendered":"<section  class=\"clear text-color-black\" ><div class=\"wpb_column vc_column_container vc_col-sm-12\"><div class=\"vc_column-inner\"><div class=\"wpb_wrapper\"><div class=\"vc_row wpb_row vc_inner vc_row-fluid\"><div class=\"wpb_column vc_column_container vc_col-sm-12\"><div class=\"vc_column-inner\"><div class=\"wpb_wrapper\"><div class=\"column-100-100 anim-overlay js-scrollanim no-padding-top padding-bottom-30\">\n\t\t\t\t<a href=\"https:\/\/eventline.pt\/wp-content\/uploads\/2022\/11\/WhatsApp-Image-2022-11-24-at-13.49.53.jpeg\" class=\"d-block js-pointer-zoom js-photo-popup\">\n\t\t\t\t<img src=\"https:\/\/eventline.pt\/wp-content\/uploads\/2022\/11\/WhatsApp-Image-2022-11-24-at-13.49.53.jpeg\" alt=\"WhatsApp Image 2022-11-24 at 13.49.53\">\n\t\t\t\t<\/a>\n\t\t\t\t<\/div><h2 class=\"column-l-r-margin-10s text-color-black js-scrollanim headline-xl padding-bottom-20 no-top-padding text-center\"><span class=\"hidden-box d-block\"><span  class=\"anim-slide tr-delay-01\" >Passagers by 7 Doigts de La Main<\/span><\/span><\/h2><div  class=\"body-text-s text-color-0 text-left pull-left anim-text-reveal tr-delay- js-scrollanim\" >The show \u201cPassagens\u201d by the contemporary circus company Les 7 Doigts de La Main premieres at Coliseu do Porto on February 11th. Tickets are available at <a href=\"https:\/\/ticketline.sapo.pt\/evento\/passagers-by-les-7-doigts-69295\">ticketline<\/a> or at the usual ticket offices<\/div><div class=\"vc_btn3-container vc_btn3-center\" ><a class=\"vc_general vc_btn3 vc_btn3-size-lg vc_btn3-shape-rounded vc_btn3-style-modern vc_btn3-color-danger\" href=\"https:\/\/ticketline.sapo.pt\/evento\/passagers-by-les-7-doigts-69295\" title=\"BUY TICKET\" target=\"_blank\">BUY TICKET<\/a><\/div><\/div><\/div><\/div><\/div><div class=\"vc_row wpb_row vc_inner vc_row-fluid\"><div class=\"wpb_column vc_column_container vc_col-sm-12\"><div class=\"vc_column-inner\"><div class=\"wpb_wrapper\">\n\t<div class=\"wpb_video_widget wpb_content_element vc_clearfix   vc_video-aspect-ratio-169 vc_video-el-width-100 vc_video-align-center\" >\n\t\t<div class=\"wpb_wrapper\">\n\t\t\t\n\t\t\t<div class=\"wpb_video_wrapper\"><iframe title=\"PASSAGERS \u2022 Les 7 Doigts (2019)\" width=\"900\" height=\"506\" src=\"https:\/\/www.youtube.com\/embed\/yOuYHC2eqh0?feature=oembed\" frameborder=\"0\" allow=\"accelerometer; autoplay; clipboard-write; encrypted-media; gyroscope; picture-in-picture\" allowfullscreen><\/iframe><\/div>\n\t\t<\/div>\n\t<\/div>\n<\/div><\/div><\/div><\/div><div class=\"vc_row wpb_row vc_inner vc_row-fluid\"><div class=\"wpb_column vc_column_container vc_col-sm-12\"><div class=\"vc_column-inner\"><div class=\"wpb_wrapper\"><div  class=\"body-text-s text-color-0 text-left pull-left anim-text-reveal tr-delay- js-scrollanim\" >\"The entire production is incredible. \u201cPassagers\u201d uses circus art as not just a spectacle, but a tool for immersive storytelling. The unexpectedness of these dramatic stunts makes the show truly feel like magic. The beauty and ingenuity of this show make it a must-see for all audiences.\u00bb \u2013 The Harvard Crimson, USA<\/p>\n<p>The new show \u201cPassagers\u201d by the circus collective founded in Canada by former Cirque du Soleil artists, Les 7 Doigts, premieres in Portugal on February 11 at Coliseu do Porto.<\/p>\n<p>\u201cPassagers\u201d is a contemporary circus that presents a story about a train journey, in which strangers meet. Inspired by the movement and transition on the course, they tell their stories made up of escapes and encounters. As the cadence of the journey breathes its rhythm into the soundscape, revealing the contents of their luggage, they reveal themselves to the public. Directed with fascinating mastery by Shana Carroll, the show unfolds in a series of scenes, like a train at high speed.<\/p>\n<p>Like Les 7 Doigts' previous creations, Passagers is a celebration of the Human and a reflection on the importance and beauty of interpersonal relationships. Expanding the boundaries of the stage experience by combining dance, physical expression, acrobatics and projection, Les 7 Doigts invites audiences to meet characters who look like them. Once again this creation is supported by original musical compositions and an international cast selected for their creative, multidisciplinary and collaborative spirit.<\/p>\n<p>Les 7 doigts de la main (The 7 fingers) appears in 2002 in Montreal, Canada, created by seven artists who were part of Cirque du Soleil: Shana Carroll, Isabelle Chass\u00e9, Patrick L\u00e9onard, Faon Shane, Gypsy Snider, S\u00e9bastien Soldevila and Samuel Tetreault.<br \/>\nIts 7 founders committed themselves to redefining contemporary circus from its essence and exploring the infinite possibilities offered by the mixture of artistic disciplines. Each of his creations is therefore a new epic, a subtle blend of acrobatics and theatricality.<\/p>\n<p>With more than a decade of existence, the collective has already created choreography, acrobatics, juggling and visual effects for events of various sizes, such as the Winter Olympics in Sochi, Turin and Vancouver, the creation and exhibition of its own shows such as Intersection (2014 ), Psy (2009) and Sequence 8 (2012). The collective has won several awards: with Traces, it was listed as one of the ten best shows of 2011 in New York by TIME magazine. In 2009 and 2012 the company won the gold medal at the Festival Mundial do Circo do Amanh\u00e3, held in Paris, France. In 2013 they won 4 Tony Awards with the musical Pippin.<\/p>\n<p>\u201cPassagers\u201d is a unique opportunity to see one of the best contemporary circus collectives in action.<\/div><div class=\"vc_empty_space\"   style=\"height: 20px\"><span class=\"vc_empty_space_inner\"><\/span><\/div><\/div><\/div><\/div><\/div><div class=\"vc_row wpb_row vc_inner vc_row-fluid\"><div class=\"wpb_column vc_column_container vc_col-sm-12\"><div class=\"vc_column-inner\"><div class=\"wpb_wrapper\"><h2 class=\"column-l-r-margin-10s text-color-black js-scrollanim headline-l no-bottom-padding no-top-padding text-center\"><span class=\"hidden-box d-block\"><span  class=\"anim-slide tr-delay-01\" >Highlights in the Press<\/span><\/span><\/h2><div  class=\"body-text-s text-color-0 text-left pull-left anim-text-reveal tr-delay- js-scrollanim\" >\n<ul>\n<li><strong>E-Cultura \u2013 <\/strong>Circo Contempor\u00e2neo &#8220;Passagers&#8221; estreia no Coliseu do Porto em fevereiro \u2013 Link: <a href=\"http:\/\/bit.ly\/3XYwih4\">bit.ly<span class=\"bitlink--hash\">\/3XYwih4<\/span><\/a><\/li>\n<li><strong>Mag Sapo \u2013\u00a0<\/strong>Companhia Les 7 Doigts de la Main en Portugal em 2023 para a estreia de &#8220;Passagers&#8221; \u2013 Link: <a class=\"bitlink-item--ACTIVE\" href=\"http:\/\/bit.ly\/3VOb3wM\">bit.ly<span class=\"bitlink--hash\">\/3VOb3wM<\/span><\/a><\/li>\n<\/ul>\n<\/div><\/div><\/div><\/div><\/div><\/div><\/div><\/div><section><div class=\"clear\"><\/div>","protected":false},"excerpt":{"rendered":"Passagers de 7 Doigts de La MainEspet\u00e1culo \"Passagers\" do Circo Contempor\u00e2neo Les 7 Doigts de La Main estreia no Coliseu do Porto...","protected":false},"author":2,"featured_media":1299,"comment_status":"closed","ping_status":"open","sticky":false,"template":"","format":"standard","meta":[],"categories":[45],"tags":[54,53],"_links":{"self":[{"href":"https:\/\/eventline.pt\/en\/wp-json\/wp\/v2\/posts\/1318"}],"collection":[{"href":"https:\/\/eventline.pt\/en\/wp-json\/wp\/v2\/posts"}],"about":[{"href":"https:\/\/eventline.pt\/en\/wp-json\/wp\/v2\/types\/post"}],"author":[{"embeddable":true,"href":"https:\/\/eventline.pt\/en\/wp-json\/wp\/v2\/users\/2"}],"replies":[{"embeddable":true,"href":"https:\/\/eventline.pt\/en\/wp-json\/wp\/v2\/comments?post=1318"}],"version-history":[{"count":0,"href":"https:\/\/eventline.pt\/en\/wp-json\/wp\/v2\/posts\/1318\/revisions"}],"wp:featuredmedia":[{"embeddable":true,"href":"https:\/\/eventline.pt\/en\/wp-json\/wp\/v2\/media\/1299"}],"wp:attachment":[{"href":"https:\/\/eventline.pt\/en\/wp-json\/wp\/v2\/media?parent=1318"}],"wp:term":[{"taxonomy":"category","embeddable":true,"href":"https:\/\/eventline.pt\/en\/wp-json\/wp\/v2\/categories?post=1318"},{"taxonomy":"post_tag","embeddable":true,"href":"https:\/\/eventline.pt\/en\/wp-json\/wp\/v2\/tags?post=1318"}],"curies":[{"name":"wp","href":"https:\/\/api.w.org\/{rel}","templated":true}]}}