{"id":1227,"date":"2022-01-18T19:00:15","date_gmt":"2022-01-18T19:00:15","guid":{"rendered":"https:\/\/eventline.pt\/2022\/01\/29\/ruralidades-porto-jorge-bacelar-2\/"},"modified":"2022-02-01T11:46:46","modified_gmt":"2022-02-01T11:46:46","slug":"lunatic-antonio-mao-de-ferro","status":"publish","type":"post","link":"https:\/\/eventline.pt\/en\/2022\/01\/18\/lunatic-antonio-mao-de-ferro\/","title":{"rendered":"\"Lunatic\" at Casa da M\u00fasica by Ant\u00f3nio M\u00e3o de Ferro"},"content":{"rendered":"<section  class=\"clear text-color-black\" ><div class=\"wpb_column vc_column_container vc_col-sm-12\"><div class=\"vc_column-inner\"><div class=\"wpb_wrapper\"><div class=\"vc_row wpb_row vc_inner vc_row-fluid\"><div class=\"wpb_column vc_column_container vc_col-sm-12\"><div class=\"vc_column-inner\"><div class=\"wpb_wrapper\"><div class=\"column-100-100 anim-overlay js-scrollanim no-padding-top padding-bottom-30\">\n\t\t\t\t<a href=\"https:\/\/eventline.pt\/wp-content\/uploads\/2022\/01\/maodeferro.jpg\" class=\"d-block js-pointer-zoom js-photo-popup\">\n\t\t\t\t<img src=\"https:\/\/eventline.pt\/wp-content\/uploads\/2022\/01\/maodeferro.jpg\" alt=\"Antonio Mao de Ferro\">\n\t\t\t\t<\/a>\n\t\t\t\t<\/div><h2 class=\"column-l-r-margin-10s text-color-black js-scrollanim headline-xl padding-bottom-20 no-top-padding text-center\"><span class=\"hidden-box d-block\"><span  class=\"anim-slide tr-delay-01\" >\"Lunatic\" at Casa da M\u00fasica<\/span><\/span><\/h2><div  class=\"body-text-s text-color-0 text-left pull-left anim-text-reveal tr-delay- js-scrollanim\" >Ant\u00f3nio M\u00e3o de Ferro presents his solo album Lunatic at Casa da M\u00fasica - Oporto.<\/div><\/div><\/div><\/div><\/div><div class=\"vc_row wpb_row vc_inner vc_row-fluid\"><div class=\"wpb_column vc_column_container vc_col-sm-6\"><div class=\"vc_column-inner\"><div class=\"wpb_wrapper\"><div class=\"column-100-100 anim-overlay js-scrollanim padding-top-30 padding-bottom-20\">\n\t\t\t\t<a href=\"https:\/\/eventline.pt\/wp-content\/uploads\/2022\/01\/204769588_183253133811418_1215749692576849347_n.jpg\" class=\"d-block js-pointer-zoom js-photo-popup\">\n\t\t\t\t<img src=\"https:\/\/eventline.pt\/wp-content\/uploads\/2022\/01\/204769588_183253133811418_1215749692576849347_n.jpg\" alt=\"Lunatic &#8211; Casa da Musica\">\n\t\t\t\t<\/a>\n\t\t\t\t<\/div><\/div><\/div><\/div><div class=\"wpb_column vc_column_container vc_col-sm-6\"><div class=\"vc_column-inner\"><div class=\"wpb_wrapper\"><div class=\"column-100-100 anim-overlay js-scrollanim padding-top-30 padding-bottom-20\">\n\t\t\t\t<a href=\"https:\/\/eventline.pt\/wp-content\/uploads\/2022\/01\/206729808_183224600480938_8475027720655360999_n.jpg\" class=\"d-block js-pointer-zoom js-photo-popup\">\n\t\t\t\t<img src=\"https:\/\/eventline.pt\/wp-content\/uploads\/2022\/01\/206729808_183224600480938_8475027720655360999_n.jpg\" alt=\"Antonio Mao de Ferro &#8211; Lunatic\">\n\t\t\t\t<\/a>\n\t\t\t\t<\/div><\/div><\/div><\/div><\/div><div class=\"vc_row wpb_row vc_inner vc_row-fluid\"><div class=\"wpb_column vc_column_container vc_col-sm-12\"><div class=\"vc_column-inner\"><div class=\"wpb_wrapper\"><div  class=\"body-text-s text-color-0 text-left pull-left anim-text-reveal tr-delay- js-scrollanim\" >Ant\u00f3nio M\u00e3o de Ferro is a Portuguese pop and blues rock musician, singer, producer and composer from Porto. Since the beginning of his career, he has played with many blues, rock and pop artists, such as: Minnemann Blues Band, Jerrel Lamar, Mable John (Ray Charles), Zackya Hoocker, Ollan Christopher Bell, Airto Moreira, Rui Veloso, GNR.<\/div><div class=\"vc_empty_space\"   style=\"height: 20px\"><span class=\"vc_empty_space_inner\"><\/span><\/div><\/div><\/div><\/div><\/div><div class=\"vc_row wpb_row vc_inner vc_row-fluid\"><div class=\"wpb_column vc_column_container vc_col-sm-6\"><div class=\"vc_column-inner\"><div class=\"wpb_wrapper\"><div class=\"column-100-100 anim-overlay js-scrollanim padding-top-30 no-padding-bottom\">\n\t\t\t\t<a href=\"https:\/\/eventline.pt\/wp-content\/uploads\/2022\/01\/maodeferro2.jpg\" class=\"d-block js-pointer-zoom js-photo-popup\">\n\t\t\t\t<img src=\"https:\/\/eventline.pt\/wp-content\/uploads\/2022\/01\/maodeferro2.jpg\" alt=\"Antonio Mao de Ferro &#8211; Lunatic\">\n\t\t\t\t<\/a>\n\t\t\t\t<\/div><\/div><\/div><\/div><div class=\"wpb_column vc_column_container vc_col-sm-6\"><div class=\"vc_column-inner\"><div class=\"wpb_wrapper\"><div class=\"column-100-100 anim-overlay js-scrollanim padding-top-30 no-padding-bottom\">\n\t\t\t\t<a href=\"https:\/\/eventline.pt\/wp-content\/uploads\/2022\/01\/maodeferro3.jpg\" class=\"d-block js-pointer-zoom js-photo-popup\">\n\t\t\t\t<img src=\"https:\/\/eventline.pt\/wp-content\/uploads\/2022\/01\/maodeferro3.jpg\" alt=\"Antonio Mao de Ferro &#8211; Lunatic\">\n\t\t\t\t<\/a>\n\t\t\t\t<\/div><\/div><\/div><\/div><\/div><div class=\"vc_row wpb_row vc_inner vc_row-fluid\"><div class=\"wpb_column vc_column_container vc_col-sm-12\"><div class=\"vc_column-inner\"><div class=\"wpb_wrapper\"><h2 class=\"column-l-r-margin-10s text-color-black js-scrollanim headline-l no-bottom-padding no-top-padding text-center\"><span class=\"hidden-box d-block\"><span  class=\"anim-slide tr-delay-01\" >Highlights in the Press<\/span><\/span><\/h2><div  class=\"body-text-s text-color-0 text-left pull-left anim-text-reveal tr-delay- js-scrollanim\" >\n<ul>\n<li><strong>Observador<\/strong> \u2013Ant\u00f3nio M\u00e3o de Ferro: &#8220;O meu subconsciente conduziu-me a estas melodias&#8221;\u00a0 \u2013 Link: <a href=\"https:\/\/bit.ly\/3IX9tlp\">https:\/\/bit.ly\/3IX9tlp<\/a><\/li>\n<li><strong>Glam Magazine <\/strong>\u2013 \u201cAnt\u00f3nio M\u00e3o de Ferro apresenta o single Time\u201d- Link: <a href=\"https:\/\/bit.ly\/3IXYh8p\">https:\/\/bit.ly\/3IXYh8p<\/a><\/li>\n<li><strong>Jornal de Not\u00edcias \u2013 <\/strong>\u201cH\u00e1 um territ\u00f3rio desbravado com M\u00e3o de Ferro\u201d \u2013 Link: <a href=\"https:\/\/bit.ly\/3rirFjN\">https:\/\/bit.ly\/3rirFjN<\/a><\/li>\n<li><strong>P\u00fablico \u2013 <\/strong>\u201cAnt\u00f3nio M\u00e3o de Ferro estreia Lunatic ao vivo: \u201c\u00c9 como se fosse um filme\u201d\u201d \u2013 Link: <a href=\"https:\/\/bit.ly\/340ec7n\">https:\/\/bit.ly\/340ec7n<\/a><\/li>\n<li><strong>Renascen\u00e7a \u2013 <\/strong>\u201cO guitarrista portuense vai regressar, muito em breve, aos palcos. Antes disso, um solo no M\u00fasica.pt para falar do mais recente trabalho, \u201cLunatic\u201d.\u201d \u2013 Link: <a href=\"https:\/\/bit.ly\/3sa4qY3\">https:\/\/bit.ly\/3sa4qY3<\/a><\/li>\n<li><strong>Antena 1 \u2013 <\/strong>\u201cNa pr\u00f3xima quinta-feira, 17 de Junho, Ant\u00f3nio M\u00e3o de Ferro apresenta, na Casa da M\u00fasica do Porto, o mais recente disco &#8211; LUNATIC. Antes do concerto, Jorge Afonso conversou com o guitarrista\/multi-instrumentista.\u201d \u2013 Link: <a href=\"https:\/\/bit.ly\/3KXnbqp\">https:\/\/bit.ly\/3KXnbqp<\/a><\/li>\n<li><strong>DN \u2013 <\/strong>\u201cBanda sonora para um filme desconhecido\u201d \u2013 Link: <a href=\"https:\/\/bit.ly\/3rfMrAf\">https:\/\/bit.ly\/3rfMrAf<\/a><\/li>\n<li><strong>RDP Internacional<\/strong> (programa Miguel Peixoto) \u2013 Link: <a href=\"https:\/\/bit.ly\/3GvdJr3\">https:\/\/bit.ly\/3GvdJr3<\/a><\/li>\n<li><strong>Som Directo \u2013 <\/strong>\u201cEntrevista com Ant\u00f3nio M\u00e3o de Ferro\u201d \u2013 Link: <a href=\"https:\/\/bit.ly\/3ggaxVf\">https:\/\/bit.ly\/3ggaxVf<\/a><\/li>\n<li><strong>RTP \u2013 \u201cBom dia Portugal\u201d <\/strong>\u2013 Link: <a href=\"https:\/\/bit.ly\/3gvd2U5\">https:\/\/bit.ly\/3gvd2U5<\/a><\/li>\n<\/ul>\n<\/div><\/div><\/div><\/div><\/div>\n\t<div class=\"wpb_video_widget wpb_content_element vc_clearfix   vc_custom_1643716000249 vc_video-aspect-ratio-169 vc_video-el-width-100 vc_video-align-center\" >\n\t\t<div class=\"wpb_wrapper\">\n\t\t\t\n\t\t\t<div class=\"wpb_video_wrapper\"><iframe title=\"Ant\u00f3nio M\u00e3o de Ferro \u00b4L UNATI C` full teaser\" width=\"900\" height=\"506\" src=\"https:\/\/www.youtube.com\/embed\/A_UJ3telZsU?feature=oembed\" frameborder=\"0\" allow=\"accelerometer; autoplay; clipboard-write; encrypted-media; gyroscope; picture-in-picture\" allowfullscreen><\/iframe><\/div>\n\t\t<\/div>\n\t<\/div>\n<\/div><\/div><\/div><section><div class=\"clear\"><\/div>","protected":false},"excerpt":{"rendered":"\"Lunatic\" na Casa da M\u00fasicaAnt\u00f3nio M\u00e3o de Ferro apresenta na Casa da M\u00fasica do Porto o \u00e1lbum a solo \"Lunatic\". Ant\u00f3nio M\u00e3o...","protected":false},"author":2,"featured_media":1034,"comment_status":"closed","ping_status":"open","sticky":false,"template":"","format":"standard","meta":[],"categories":[45],"tags":[49,48],"_links":{"self":[{"href":"https:\/\/eventline.pt\/en\/wp-json\/wp\/v2\/posts\/1227"}],"collection":[{"href":"https:\/\/eventline.pt\/en\/wp-json\/wp\/v2\/posts"}],"about":[{"href":"https:\/\/eventline.pt\/en\/wp-json\/wp\/v2\/types\/post"}],"author":[{"embeddable":true,"href":"https:\/\/eventline.pt\/en\/wp-json\/wp\/v2\/users\/2"}],"replies":[{"embeddable":true,"href":"https:\/\/eventline.pt\/en\/wp-json\/wp\/v2\/comments?post=1227"}],"version-history":[{"count":0,"href":"https:\/\/eventline.pt\/en\/wp-json\/wp\/v2\/posts\/1227\/revisions"}],"wp:featuredmedia":[{"embeddable":true,"href":"https:\/\/eventline.pt\/en\/wp-json\/wp\/v2\/media\/1034"}],"wp:attachment":[{"href":"https:\/\/eventline.pt\/en\/wp-json\/wp\/v2\/media?parent=1227"}],"wp:term":[{"taxonomy":"category","embeddable":true,"href":"https:\/\/eventline.pt\/en\/wp-json\/wp\/v2\/categories?post=1227"},{"taxonomy":"post_tag","embeddable":true,"href":"https:\/\/eventline.pt\/en\/wp-json\/wp\/v2\/tags?post=1227"}],"curies":[{"name":"wp","href":"https:\/\/api.w.org\/{rel}","templated":true}]}}